

{"id":2963,"date":"2018-09-03T00:00:00","date_gmt":"2018-09-03T00:00:00","guid":{"rendered":"https:\/\/guadalminagolf.com\/sin-categorizar\/noemi-jim%c2%8enez-y-cngel-hidalgo-entre-los-reconocimientos-al-deporte-de-san-pedro-alc%c2%87ntara\/"},"modified":"2023-08-24T16:52:16","modified_gmt":"2023-08-24T16:52:16","slug":"noemi-jimenez-y-angel-hidalgo-entre-los-reconocimientos-al-deporte-de-san-pedro-alcantara","status":"publish","type":"post","link":"https:\/\/www.guadalminagolf.com\/es\/latest-news\/noemi-jimenez-y-angel-hidalgo-entre-los-reconocimientos-al-deporte-de-san-pedro-alcantara\/","title":{"rendered":"Noemi Jim\u00e9nez y \u00c1ngel Hidalgo, entre los Reconocimientos al Deporte de San Pedro Alc\u00e1ntara"},"content":{"rendered":"<p>El III Reconocimiento al Deporte de San Pedro Alc&aacute;ntara tuvo lugar anoche en el auditorio del Bulevar de San Pedro. Al evento asistieron el teniente de alcalde, Rafael Pi&ntilde;a; el concejal delegado de Deportes, Javier M&eacute;rida; el de Hacienda, Manuel Osorio; el de Empleo, Crist&oacute;bal Garre, y otros miembros de la corporaci&oacute;n.<\/p>\n<p>&nbsp;<\/p>\n<p>En total fueron 39 los reconocimientos al deporte entregados tanto en categor&iacute;a individual como colectiva, distinguiendo entre reconocimientos por logros de la temporada 2017\/2018 y por trayectoria deportiva. Nuestros golfistas &Aacute;ngel Hidalgo y Noem&iacute; Jim&eacute;nez fueron dos de los m&aacute;s laureados. &Aacute;ngel ha conquistado este a&ntilde;o una vez m&aacute;s el Campeonato de Espa&ntilde;a Absoluto y la Copa Andaluc&iacute;a, mientras que Noemi estren&oacute; su plamar&eacute;s internacional conquistando el VP Bank Ladies Open del LETAS y una prueba del circuito de profesionales andaluz.<\/p>\n<p>&nbsp;<\/p>\n<p>Ambos disputan esta semana torneos importantes; Noemi tiene el Lacoste Ladies Open de Francia (prueba correspondiente al Ladies European Tour), donde coincidir&aacute; con la tambi&eacute;n sampedre&ntilde;a Azahara Mu&ntilde;oz, ganadora en 2013 y 2014 cuando el Open de Francia se jugaba en Chantaco. Y &Aacute;ngel estar&aacute; en Irlanda para la disputa de su &uacute;ltimo Campeonato del Mundo Amateur Masculino por Equipos.<\/p>\n<p>&nbsp;<\/p>\n<p>&iexcl;Que sigan los &eacute;xitos!&nbsp;&nbsp;&nbsp;<\/p>\n<p>Angel y Noemi.jpg<\/p>\n","protected":false},"excerpt":{"rendered":"<p>El III Reconocimiento al Deporte de San Pedro Alc&aacute;ntara tuvo lugar anoche en el auditorio del Bulevar de San Pedro. Al evento asistieron el teniente de alcalde, Rafael Pi&ntilde;a; el concejal delegado de Deportes, Javier M&eacute;rida; el de Hacienda, Manuel Osorio; el de Empleo, Crist&oacute;bal Garre, y otros miembros de la corporaci&oacute;n.<\/p>\n<p>&nbsp;<\/p>\n<p>En total fueron 39 los reconocimientos al deporte entregados tanto en categor&iacute;a individual como colectiva, distinguiendo entre reconocimientos por logros de la temporada 2017\/2018 y por trayectoria deportiva. Nuestros golfistas &Aacute;ngel Hidalgo y Noem&iacute; Jim&eacute;nez fueron dos de los m&aacute;s laureados. &Aacute;ngel ha conquistado este a&ntilde;o una vez m&aacute;s el Campeonato de Espa&ntilde;a Absoluto y la Copa Andaluc&iacute;a, mientras que Noemi estren&oacute; su plamar&eacute;s internacional conquistando el VP Bank Ladies Open del LETAS y una prueba del circuito de profesionales andaluz.<\/p>\n<p>&nbsp;<\/p>\n<p>Ambos disputan esta semana torneos importantes; Noemi tiene el Lacoste Ladies Open de Francia (prueba correspondiente al Ladies European Tour), donde coincidir&aacute; con la tambi&eacute;n sampedre&ntilde;a Azahara Mu&ntilde;oz, ganadora en 2013 y 2014 cuando el Open de Francia se jugaba en Chantaco. Y &Aacute;ngel estar&aacute; en Irlanda para la disputa de su &uacute;ltimo Campeonato del Mundo Amateur Masculino por Equipos.<\/p>\n<p>&nbsp;<\/p>\n<p>&iexcl;Que sigan los &eacute;xitos!&nbsp;&nbsp;&nbsp;<\/p>\n","protected":false},"author":1,"featured_media":25150,"comment_status":"closed","ping_status":"closed","sticky":false,"template":"","format":"standard","meta":{"footnotes":""},"categories":[83],"tags":[],"class_list":["post-2963","post","type-post","status-publish","format-standard","has-post-thumbnail","hentry","category-latest-news"],"yoast_head":"<!-- This site is optimized with the Yoast SEO plugin v27.2 - https:\/\/yoast.com\/product\/yoast-seo-wordpress\/ -->\n<title>Noemi Jim\u00e9nez y \u00c1ngel Hidalgo, entre los Reconocimientos al Deporte de San Pedro Alc\u00e1ntara - Real Club de Golf Guadalmina<\/title>\n<meta name=\"robots\" content=\"index, follow, max-snippet:-1, max-image-preview:large, max-video-preview:-1\" \/>\n<link rel=\"canonical\" href=\"https:\/\/www.guadalminagolf.com\/es\/latest-news\/noemi-jimenez-y-angel-hidalgo-entre-los-reconocimientos-al-deporte-de-san-pedro-alcantara\/\" \/>\n<meta property=\"og:locale\" content=\"es_ES\" \/>\n<meta property=\"og:type\" content=\"article\" \/>\n<meta property=\"og:title\" content=\"Noemi Jim\u00e9nez y \u00c1ngel Hidalgo, entre los Reconocimientos al Deporte de San Pedro Alc\u00e1ntara - Real Club de Golf Guadalmina\" \/>\n<meta property=\"og:description\" content=\"El III Reconocimiento al Deporte de San Pedro Alc&aacute;ntara tuvo lugar anoche en el auditorio del Bulevar de San Pedro. Al evento asistieron el teniente de alcalde, Rafael Pi&ntilde;a; el concejal delegado de Deportes, Javier M&eacute;rida; el de Hacienda, Manuel Osorio; el de Empleo, Crist&oacute;bal Garre, y otros miembros de la corporaci&oacute;n.&nbsp;En total fueron 39 los reconocimientos al deporte entregados tanto en categor&iacute;a individual como colectiva, distinguiendo entre reconocimientos por logros de la temporada 2017\/2018 y por trayectoria deportiva. Nuestros golfistas &Aacute;ngel Hidalgo y Noem&iacute; Jim&eacute;nez fueron dos de los m&aacute;s laureados. &Aacute;ngel ha conquistado este a&ntilde;o una vez m&aacute;s el Campeonato de Espa&ntilde;a Absoluto y la Copa Andaluc&iacute;a, mientras que Noemi estren&oacute; su plamar&eacute;s internacional conquistando el VP Bank Ladies Open del LETAS y una prueba del circuito de profesionales andaluz.&nbsp;Ambos disputan esta semana torneos importantes; Noemi tiene el Lacoste Ladies Open de Francia (prueba correspondiente al Ladies European Tour), donde coincidir&aacute; con la tambi&eacute;n sampedre&ntilde;a Azahara Mu&ntilde;oz, ganadora en 2013 y 2014 cuando el Open de Francia se jugaba en Chantaco. Y &Aacute;ngel estar&aacute; en Irlanda para la disputa de su &uacute;ltimo Campeonato del Mundo Amateur Masculino por Equipos.&nbsp;&iexcl;Que sigan los &eacute;xitos!&nbsp;&nbsp;&nbsp;\" \/>\n<meta property=\"og:url\" content=\"https:\/\/www.guadalminagolf.com\/es\/latest-news\/noemi-jimenez-y-angel-hidalgo-entre-los-reconocimientos-al-deporte-de-san-pedro-alcantara\/\" \/>\n<meta property=\"og:site_name\" content=\"Real Club de Golf Guadalmina\" \/>\n<meta property=\"article:publisher\" content=\"https:\/\/www.facebook.com\/groups\/Amigos.de.Guadalmina\" \/>\n<meta property=\"article:published_time\" content=\"2018-09-03T00:00:00+00:00\" \/>\n<meta property=\"article:modified_time\" content=\"2023-08-24T16:52:16+00:00\" \/>\n<meta property=\"og:image\" content=\"https:\/\/www.guadalminagolf.com\/wp-content\/uploads\/2023\/08\/Angel-y-Noemi.jpg\" \/>\n\t<meta property=\"og:image:width\" content=\"1060\" \/>\n\t<meta property=\"og:image:height\" content=\"1600\" \/>\n\t<meta property=\"og:image:type\" content=\"image\/jpeg\" \/>\n<meta name=\"author\" content=\"GuADalMnA\" \/>\n<meta name=\"twitter:card\" content=\"summary_large_image\" \/>\n<meta name=\"twitter:label1\" content=\"Escrito por\" \/>\n\t<meta name=\"twitter:data1\" content=\"GuADalMnA\" \/>\n\t<meta name=\"twitter:label2\" content=\"Tiempo de lectura\" \/>\n\t<meta name=\"twitter:data2\" content=\"1 minuto\" \/>\n<script type=\"application\/ld+json\" class=\"yoast-schema-graph\">{\"@context\":\"https:\/\/schema.org\",\"@graph\":[{\"@type\":\"Article\",\"@id\":\"https:\/\/www.guadalminagolf.com\/es\/latest-news\/noemi-jimenez-y-angel-hidalgo-entre-los-reconocimientos-al-deporte-de-san-pedro-alcantara\/#article\",\"isPartOf\":{\"@id\":\"https:\/\/www.guadalminagolf.com\/es\/latest-news\/noemi-jimenez-y-angel-hidalgo-entre-los-reconocimientos-al-deporte-de-san-pedro-alcantara\/\"},\"author\":{\"name\":\"GuADalMnA\",\"@id\":\"https:\/\/www.guadalminagolf.com\/#\/schema\/person\/9a4e4fa1970b0c1b47cd752646e59419\"},\"headline\":\"Noemi Jim\u00e9nez y \u00c1ngel Hidalgo, entre los Reconocimientos al Deporte de San Pedro Alc\u00e1ntara\",\"datePublished\":\"2018-09-03T00:00:00+00:00\",\"dateModified\":\"2023-08-24T16:52:16+00:00\",\"mainEntityOfPage\":{\"@id\":\"https:\/\/www.guadalminagolf.com\/es\/latest-news\/noemi-jimenez-y-angel-hidalgo-entre-los-reconocimientos-al-deporte-de-san-pedro-alcantara\/\"},\"wordCount\":261,\"publisher\":{\"@id\":\"https:\/\/www.guadalminagolf.com\/#organization\"},\"image\":{\"@id\":\"https:\/\/www.guadalminagolf.com\/es\/latest-news\/noemi-jimenez-y-angel-hidalgo-entre-los-reconocimientos-al-deporte-de-san-pedro-alcantara\/#primaryimage\"},\"thumbnailUrl\":\"https:\/\/www.guadalminagolf.com\/wp-content\/uploads\/2023\/08\/Angel-y-Noemi.jpg\",\"articleSection\":[\"Latest News\"],\"inLanguage\":\"es\"},{\"@type\":\"WebPage\",\"@id\":\"https:\/\/www.guadalminagolf.com\/es\/latest-news\/noemi-jimenez-y-angel-hidalgo-entre-los-reconocimientos-al-deporte-de-san-pedro-alcantara\/\",\"url\":\"https:\/\/www.guadalminagolf.com\/es\/latest-news\/noemi-jimenez-y-angel-hidalgo-entre-los-reconocimientos-al-deporte-de-san-pedro-alcantara\/\",\"name\":\"Noemi Jim\u00e9nez y \u00c1ngel Hidalgo, entre los Reconocimientos al Deporte de San Pedro Alc\u00e1ntara - Real Club de Golf Guadalmina\",\"isPartOf\":{\"@id\":\"https:\/\/www.guadalminagolf.com\/#website\"},\"primaryImageOfPage\":{\"@id\":\"https:\/\/www.guadalminagolf.com\/es\/latest-news\/noemi-jimenez-y-angel-hidalgo-entre-los-reconocimientos-al-deporte-de-san-pedro-alcantara\/#primaryimage\"},\"image\":{\"@id\":\"https:\/\/www.guadalminagolf.com\/es\/latest-news\/noemi-jimenez-y-angel-hidalgo-entre-los-reconocimientos-al-deporte-de-san-pedro-alcantara\/#primaryimage\"},\"thumbnailUrl\":\"https:\/\/www.guadalminagolf.com\/wp-content\/uploads\/2023\/08\/Angel-y-Noemi.jpg\",\"datePublished\":\"2018-09-03T00:00:00+00:00\",\"dateModified\":\"2023-08-24T16:52:16+00:00\",\"breadcrumb\":{\"@id\":\"https:\/\/www.guadalminagolf.com\/es\/latest-news\/noemi-jimenez-y-angel-hidalgo-entre-los-reconocimientos-al-deporte-de-san-pedro-alcantara\/#breadcrumb\"},\"inLanguage\":\"es\",\"potentialAction\":[{\"@type\":\"ReadAction\",\"target\":[\"https:\/\/www.guadalminagolf.com\/es\/latest-news\/noemi-jimenez-y-angel-hidalgo-entre-los-reconocimientos-al-deporte-de-san-pedro-alcantara\/\"]}]},{\"@type\":\"ImageObject\",\"inLanguage\":\"es\",\"@id\":\"https:\/\/www.guadalminagolf.com\/es\/latest-news\/noemi-jimenez-y-angel-hidalgo-entre-los-reconocimientos-al-deporte-de-san-pedro-alcantara\/#primaryimage\",\"url\":\"https:\/\/www.guadalminagolf.com\/wp-content\/uploads\/2023\/08\/Angel-y-Noemi.jpg\",\"contentUrl\":\"https:\/\/www.guadalminagolf.com\/wp-content\/uploads\/2023\/08\/Angel-y-Noemi.jpg\",\"width\":1060,\"height\":1600},{\"@type\":\"BreadcrumbList\",\"@id\":\"https:\/\/www.guadalminagolf.com\/es\/latest-news\/noemi-jimenez-y-angel-hidalgo-entre-los-reconocimientos-al-deporte-de-san-pedro-alcantara\/#breadcrumb\",\"itemListElement\":[{\"@type\":\"ListItem\",\"position\":1,\"name\":\"Home\",\"item\":\"https:\/\/www.guadalminagolf.com\/es\/\"},{\"@type\":\"ListItem\",\"position\":2,\"name\":\"Noemi Jim\u00e9nez y \u00c1ngel Hidalgo, entre los Reconocimientos al Deporte de San Pedro Alc\u00e1ntara\"}]},{\"@type\":\"WebSite\",\"@id\":\"https:\/\/www.guadalminagolf.com\/#website\",\"url\":\"https:\/\/www.guadalminagolf.com\/\",\"name\":\"Real Club de Golf Guadalmina\",\"description\":\"\",\"publisher\":{\"@id\":\"https:\/\/www.guadalminagolf.com\/#organization\"},\"alternateName\":\"RCG Guadalmina\",\"potentialAction\":[{\"@type\":\"SearchAction\",\"target\":{\"@type\":\"EntryPoint\",\"urlTemplate\":\"https:\/\/www.guadalminagolf.com\/?s={search_term_string}\"},\"query-input\":{\"@type\":\"PropertyValueSpecification\",\"valueRequired\":true,\"valueName\":\"search_term_string\"}}],\"inLanguage\":\"es\"},{\"@type\":\"Organization\",\"@id\":\"https:\/\/www.guadalminagolf.com\/#organization\",\"name\":\"Real Club de Golf Guadalmina\",\"alternateName\":\"Real Club de Golf Guadalmina\",\"url\":\"https:\/\/www.guadalminagolf.com\/\",\"logo\":{\"@type\":\"ImageObject\",\"inLanguage\":\"es\",\"@id\":\"https:\/\/www.guadalminagolf.com\/#\/schema\/logo\/image\/\",\"url\":\"https:\/\/www.guadalminagolf.com\/wp-content\/uploads\/2023\/08\/logo-sin-fechas-2-14.jpg\",\"contentUrl\":\"https:\/\/www.guadalminagolf.com\/wp-content\/uploads\/2023\/08\/logo-sin-fechas-2-14.jpg\",\"width\":1526,\"height\":1809,\"caption\":\"Real Club de Golf Guadalmina\"},\"image\":{\"@id\":\"https:\/\/www.guadalminagolf.com\/#\/schema\/logo\/image\/\"},\"sameAs\":[\"https:\/\/www.facebook.com\/groups\/Amigos.de.Guadalmina\"]},{\"@type\":\"Person\",\"@id\":\"https:\/\/www.guadalminagolf.com\/#\/schema\/person\/9a4e4fa1970b0c1b47cd752646e59419\",\"name\":\"GuADalMnA\",\"sameAs\":[\"http:\/\/guadalmina.golfenred.com\"]}]}<\/script>\n<!-- \/ Yoast SEO plugin. -->","yoast_head_json":{"title":"Noemi Jim\u00e9nez y \u00c1ngel Hidalgo, entre los Reconocimientos al Deporte de San Pedro Alc\u00e1ntara - Real Club de Golf Guadalmina","robots":{"index":"index","follow":"follow","max-snippet":"max-snippet:-1","max-image-preview":"max-image-preview:large","max-video-preview":"max-video-preview:-1"},"canonical":"https:\/\/www.guadalminagolf.com\/es\/latest-news\/noemi-jimenez-y-angel-hidalgo-entre-los-reconocimientos-al-deporte-de-san-pedro-alcantara\/","og_locale":"es_ES","og_type":"article","og_title":"Noemi Jim\u00e9nez y \u00c1ngel Hidalgo, entre los Reconocimientos al Deporte de San Pedro Alc\u00e1ntara - Real Club de Golf Guadalmina","og_description":"El III Reconocimiento al Deporte de San Pedro Alc&aacute;ntara tuvo lugar anoche en el auditorio del Bulevar de San Pedro. Al evento asistieron el teniente de alcalde, Rafael Pi&ntilde;a; el concejal delegado de Deportes, Javier M&eacute;rida; el de Hacienda, Manuel Osorio; el de Empleo, Crist&oacute;bal Garre, y otros miembros de la corporaci&oacute;n.&nbsp;En total fueron 39 los reconocimientos al deporte entregados tanto en categor&iacute;a individual como colectiva, distinguiendo entre reconocimientos por logros de la temporada 2017\/2018 y por trayectoria deportiva. Nuestros golfistas &Aacute;ngel Hidalgo y Noem&iacute; Jim&eacute;nez fueron dos de los m&aacute;s laureados. &Aacute;ngel ha conquistado este a&ntilde;o una vez m&aacute;s el Campeonato de Espa&ntilde;a Absoluto y la Copa Andaluc&iacute;a, mientras que Noemi estren&oacute; su plamar&eacute;s internacional conquistando el VP Bank Ladies Open del LETAS y una prueba del circuito de profesionales andaluz.&nbsp;Ambos disputan esta semana torneos importantes; Noemi tiene el Lacoste Ladies Open de Francia (prueba correspondiente al Ladies European Tour), donde coincidir&aacute; con la tambi&eacute;n sampedre&ntilde;a Azahara Mu&ntilde;oz, ganadora en 2013 y 2014 cuando el Open de Francia se jugaba en Chantaco. Y &Aacute;ngel estar&aacute; en Irlanda para la disputa de su &uacute;ltimo Campeonato del Mundo Amateur Masculino por Equipos.&nbsp;&iexcl;Que sigan los &eacute;xitos!&nbsp;&nbsp;&nbsp;","og_url":"https:\/\/www.guadalminagolf.com\/es\/latest-news\/noemi-jimenez-y-angel-hidalgo-entre-los-reconocimientos-al-deporte-de-san-pedro-alcantara\/","og_site_name":"Real Club de Golf Guadalmina","article_publisher":"https:\/\/www.facebook.com\/groups\/Amigos.de.Guadalmina","article_published_time":"2018-09-03T00:00:00+00:00","article_modified_time":"2023-08-24T16:52:16+00:00","og_image":[{"width":1060,"height":1600,"url":"https:\/\/www.guadalminagolf.com\/wp-content\/uploads\/2023\/08\/Angel-y-Noemi.jpg","type":"image\/jpeg"}],"author":"GuADalMnA","twitter_card":"summary_large_image","twitter_misc":{"Escrito por":"GuADalMnA","Tiempo de lectura":"1 minuto"},"schema":{"@context":"https:\/\/schema.org","@graph":[{"@type":"Article","@id":"https:\/\/www.guadalminagolf.com\/es\/latest-news\/noemi-jimenez-y-angel-hidalgo-entre-los-reconocimientos-al-deporte-de-san-pedro-alcantara\/#article","isPartOf":{"@id":"https:\/\/www.guadalminagolf.com\/es\/latest-news\/noemi-jimenez-y-angel-hidalgo-entre-los-reconocimientos-al-deporte-de-san-pedro-alcantara\/"},"author":{"name":"GuADalMnA","@id":"https:\/\/www.guadalminagolf.com\/#\/schema\/person\/9a4e4fa1970b0c1b47cd752646e59419"},"headline":"Noemi Jim\u00e9nez y \u00c1ngel Hidalgo, entre los Reconocimientos al Deporte de San Pedro Alc\u00e1ntara","datePublished":"2018-09-03T00:00:00+00:00","dateModified":"2023-08-24T16:52:16+00:00","mainEntityOfPage":{"@id":"https:\/\/www.guadalminagolf.com\/es\/latest-news\/noemi-jimenez-y-angel-hidalgo-entre-los-reconocimientos-al-deporte-de-san-pedro-alcantara\/"},"wordCount":261,"publisher":{"@id":"https:\/\/www.guadalminagolf.com\/#organization"},"image":{"@id":"https:\/\/www.guadalminagolf.com\/es\/latest-news\/noemi-jimenez-y-angel-hidalgo-entre-los-reconocimientos-al-deporte-de-san-pedro-alcantara\/#primaryimage"},"thumbnailUrl":"https:\/\/www.guadalminagolf.com\/wp-content\/uploads\/2023\/08\/Angel-y-Noemi.jpg","articleSection":["Latest News"],"inLanguage":"es"},{"@type":"WebPage","@id":"https:\/\/www.guadalminagolf.com\/es\/latest-news\/noemi-jimenez-y-angel-hidalgo-entre-los-reconocimientos-al-deporte-de-san-pedro-alcantara\/","url":"https:\/\/www.guadalminagolf.com\/es\/latest-news\/noemi-jimenez-y-angel-hidalgo-entre-los-reconocimientos-al-deporte-de-san-pedro-alcantara\/","name":"Noemi Jim\u00e9nez y \u00c1ngel Hidalgo, entre los Reconocimientos al Deporte de San Pedro Alc\u00e1ntara - Real Club de Golf Guadalmina","isPartOf":{"@id":"https:\/\/www.guadalminagolf.com\/#website"},"primaryImageOfPage":{"@id":"https:\/\/www.guadalminagolf.com\/es\/latest-news\/noemi-jimenez-y-angel-hidalgo-entre-los-reconocimientos-al-deporte-de-san-pedro-alcantara\/#primaryimage"},"image":{"@id":"https:\/\/www.guadalminagolf.com\/es\/latest-news\/noemi-jimenez-y-angel-hidalgo-entre-los-reconocimientos-al-deporte-de-san-pedro-alcantara\/#primaryimage"},"thumbnailUrl":"https:\/\/www.guadalminagolf.com\/wp-content\/uploads\/2023\/08\/Angel-y-Noemi.jpg","datePublished":"2018-09-03T00:00:00+00:00","dateModified":"2023-08-24T16:52:16+00:00","breadcrumb":{"@id":"https:\/\/www.guadalminagolf.com\/es\/latest-news\/noemi-jimenez-y-angel-hidalgo-entre-los-reconocimientos-al-deporte-de-san-pedro-alcantara\/#breadcrumb"},"inLanguage":"es","potentialAction":[{"@type":"ReadAction","target":["https:\/\/www.guadalminagolf.com\/es\/latest-news\/noemi-jimenez-y-angel-hidalgo-entre-los-reconocimientos-al-deporte-de-san-pedro-alcantara\/"]}]},{"@type":"ImageObject","inLanguage":"es","@id":"https:\/\/www.guadalminagolf.com\/es\/latest-news\/noemi-jimenez-y-angel-hidalgo-entre-los-reconocimientos-al-deporte-de-san-pedro-alcantara\/#primaryimage","url":"https:\/\/www.guadalminagolf.com\/wp-content\/uploads\/2023\/08\/Angel-y-Noemi.jpg","contentUrl":"https:\/\/www.guadalminagolf.com\/wp-content\/uploads\/2023\/08\/Angel-y-Noemi.jpg","width":1060,"height":1600},{"@type":"BreadcrumbList","@id":"https:\/\/www.guadalminagolf.com\/es\/latest-news\/noemi-jimenez-y-angel-hidalgo-entre-los-reconocimientos-al-deporte-de-san-pedro-alcantara\/#breadcrumb","itemListElement":[{"@type":"ListItem","position":1,"name":"Home","item":"https:\/\/www.guadalminagolf.com\/es\/"},{"@type":"ListItem","position":2,"name":"Noemi Jim\u00e9nez y \u00c1ngel Hidalgo, entre los Reconocimientos al Deporte de San Pedro Alc\u00e1ntara"}]},{"@type":"WebSite","@id":"https:\/\/www.guadalminagolf.com\/#website","url":"https:\/\/www.guadalminagolf.com\/","name":"Real Club de Golf Guadalmina","description":"","publisher":{"@id":"https:\/\/www.guadalminagolf.com\/#organization"},"alternateName":"RCG Guadalmina","potentialAction":[{"@type":"SearchAction","target":{"@type":"EntryPoint","urlTemplate":"https:\/\/www.guadalminagolf.com\/?s={search_term_string}"},"query-input":{"@type":"PropertyValueSpecification","valueRequired":true,"valueName":"search_term_string"}}],"inLanguage":"es"},{"@type":"Organization","@id":"https:\/\/www.guadalminagolf.com\/#organization","name":"Real Club de Golf Guadalmina","alternateName":"Real Club de Golf Guadalmina","url":"https:\/\/www.guadalminagolf.com\/","logo":{"@type":"ImageObject","inLanguage":"es","@id":"https:\/\/www.guadalminagolf.com\/#\/schema\/logo\/image\/","url":"https:\/\/www.guadalminagolf.com\/wp-content\/uploads\/2023\/08\/logo-sin-fechas-2-14.jpg","contentUrl":"https:\/\/www.guadalminagolf.com\/wp-content\/uploads\/2023\/08\/logo-sin-fechas-2-14.jpg","width":1526,"height":1809,"caption":"Real Club de Golf Guadalmina"},"image":{"@id":"https:\/\/www.guadalminagolf.com\/#\/schema\/logo\/image\/"},"sameAs":["https:\/\/www.facebook.com\/groups\/Amigos.de.Guadalmina"]},{"@type":"Person","@id":"https:\/\/www.guadalminagolf.com\/#\/schema\/person\/9a4e4fa1970b0c1b47cd752646e59419","name":"GuADalMnA","sameAs":["http:\/\/guadalmina.golfenred.com"]}]}},"_links":{"self":[{"href":"https:\/\/www.guadalminagolf.com\/es\/wp-json\/wp\/v2\/posts\/2963","targetHints":{"allow":["GET"]}}],"collection":[{"href":"https:\/\/www.guadalminagolf.com\/es\/wp-json\/wp\/v2\/posts"}],"about":[{"href":"https:\/\/www.guadalminagolf.com\/es\/wp-json\/wp\/v2\/types\/post"}],"author":[{"embeddable":true,"href":"https:\/\/www.guadalminagolf.com\/es\/wp-json\/wp\/v2\/users\/1"}],"replies":[{"embeddable":true,"href":"https:\/\/www.guadalminagolf.com\/es\/wp-json\/wp\/v2\/comments?post=2963"}],"version-history":[{"count":1,"href":"https:\/\/www.guadalminagolf.com\/es\/wp-json\/wp\/v2\/posts\/2963\/revisions"}],"predecessor-version":[{"id":14812,"href":"https:\/\/www.guadalminagolf.com\/es\/wp-json\/wp\/v2\/posts\/2963\/revisions\/14812"}],"wp:featuredmedia":[{"embeddable":true,"href":"https:\/\/www.guadalminagolf.com\/es\/wp-json\/wp\/v2\/media\/25150"}],"wp:attachment":[{"href":"https:\/\/www.guadalminagolf.com\/es\/wp-json\/wp\/v2\/media?parent=2963"}],"wp:term":[{"taxonomy":"category","embeddable":true,"href":"https:\/\/www.guadalminagolf.com\/es\/wp-json\/wp\/v2\/categories?post=2963"},{"taxonomy":"post_tag","embeddable":true,"href":"https:\/\/www.guadalminagolf.com\/es\/wp-json\/wp\/v2\/tags?post=2963"}],"curies":[{"name":"wp","href":"https:\/\/api.w.org\/{rel}","templated":true}]}}