

{"id":29425,"date":"2024-06-28T17:14:21","date_gmt":"2024-06-28T17:14:21","guid":{"rendered":"https:\/\/www.guadalminagolf.com\/?p=29425"},"modified":"2024-06-28T17:15:11","modified_gmt":"2024-06-28T17:15:11","slug":"gracias-barbara-y-kjell-por-vuestro-apoyo","status":"publish","type":"post","link":"https:\/\/www.guadalminagolf.com\/es\/sin-categorizar\/gracias-barbara-y-kjell-por-vuestro-apoyo\/","title":{"rendered":"!! Gracias Barbara y Kjell por vuestro apoyo \u00a1\u00a1"},"content":{"rendered":"\t<div class=\"img has-hover x md-x lg-x y md-y lg-y\" id=\"image_809462485\">\n\t\t\t\t\t\t\t\t<div class=\"img-inner dark\" >\n\t\t\t<img loading=\"lazy\" decoding=\"async\" width=\"320\" height=\"240\" src=\"https:\/\/www.guadalminagolf.com\/wp-content\/uploads\/2024\/06\/Kjell-Babara-1.jpg\" class=\"attachment-large size-large\" alt=\"\" srcset=\"https:\/\/www.guadalminagolf.com\/wp-content\/uploads\/2024\/06\/Kjell-Babara-1.jpg 320w, https:\/\/www.guadalminagolf.com\/wp-content\/uploads\/2024\/06\/Kjell-Babara-1-280x210.jpg 280w\" sizes=\"auto, (max-width: 320px) 100vw, 320px\" \/>\t\t\t\t\t\t\n\t\t\t\t\t<\/div>\n\t\t\t\t\t\t\t\t\n<style>\n#image_809462485 {\n  width: 100%;\n}\n<\/style>\n\t<\/div>\n\t\n<p>Como su Junta Directiva, queremos expresar a Barbara De Witt Puyt y Kjell Blendulf nuestra m\u00e1s sincera gratitud por los cinco a\u00f1os de dedicaci\u00f3n y esfuerzo al frente de la Competici\u00f3n del Jueves Internacional en el Real Club de Golf Guadalmina.<\/p>\n<p>Su compromiso y pasi\u00f3n han sido fundamentales para hacer de esta competici\u00f3n uno de los eventos m\u00e1s populares y queridos de nuestro club.<\/p>\n<p>Nos complace profundamente ver a Barbara en proceso de recuperaci\u00f3n despu\u00e9s del ictus que sufri\u00f3 hace unos meses. Su fortaleza y determinaci\u00f3n son una inspiraci\u00f3n para todos nosotros. Nos llena de alegr\u00eda verla nuevamente entre nosotros, y le deseamos un continuo \u00e9xito en su recuperaci\u00f3n.<\/p>\n<p><strong>La Junta Directiva est\u00e1 preparando un acto de reconocimiento en su honor<\/strong>, que tendr\u00e1 lugar el primer jueves de octubre. Esperamos ver una gran participaci\u00f3n de socios en este<strong> especial evento de \u00abJueves Internacional\u00bb.<\/strong><\/p>\n<p>Sabemos que muchos de los participantes habituales en la Competici\u00f3n del Jueves est\u00e1n fuera en sus pa\u00edses durante el verano, y estamos seguros de que el pr\u00f3ximo <strong>3 de octubre<\/strong> estar\u00e1n presentes para rendirles homenaje por su invaluable contribuci\u00f3n a nuestro club. \u00a1As\u00ed que reserven la fecha!<\/p>\n<p>Enviamos a Barbara y Kjell nuestros mejores deseos y esperamos verlos en octubre para celebrar juntos su valiosa labor.<\/p>\n<p>La Junta Directiva<\/p>\n\t<div class=\"img has-hover x md-x lg-x y md-y lg-y\" id=\"image_1433210264\">\n\t\t\t\t\t\t\t\t<div class=\"img-inner dark\" >\n\t\t\t<img loading=\"lazy\" decoding=\"async\" width=\"320\" height=\"154\" src=\"https:\/\/www.guadalminagolf.com\/wp-content\/uploads\/2024\/06\/Kjell-Babara-2.jpg\" class=\"attachment-large size-large\" alt=\"\" srcset=\"https:\/\/www.guadalminagolf.com\/wp-content\/uploads\/2024\/06\/Kjell-Babara-2.jpg 320w, https:\/\/www.guadalminagolf.com\/wp-content\/uploads\/2024\/06\/Kjell-Babara-2-280x135.jpg 280w\" sizes=\"auto, (max-width: 320px) 100vw, 320px\" \/>\t\t\t\t\t\t\n\t\t\t\t\t<\/div>\n\t\t\t\t\t\t\t\t\n<style>\n#image_1433210264 {\n  width: 100%;\n}\n<\/style>\n\t<\/div>\n\t\n","protected":false},"excerpt":{"rendered":"<p>Como su Junta Directiva, queremos expresar a Barbara De Witt Puyt y Kjell Blendulf nuestra m\u00e1s sincera gratitud por los cinco a\u00f1os de dedicaci\u00f3n y esfuerzo al frente de la Competici\u00f3n del Jueves Internacional en el Real Club de Golf Guadalmina. Su compromiso y pasi\u00f3n han sido fundamentales para hacer de esta competici\u00f3n uno de los eventos m\u00e1s populares y queridos de nuestro club. Nos complace profundamente ver a Barbara en proceso de recuperaci\u00f3n despu\u00e9s del ictus que sufri\u00f3 hace [&#8230;]\n","protected":false},"author":2069,"featured_media":0,"comment_status":"closed","ping_status":"closed","sticky":false,"template":"","format":"standard","meta":{"footnotes":""},"categories":[69,91],"tags":[],"class_list":["post-29425","post","type-post","status-publish","format-standard","hentry","category-sin-categorizar","category-ultimas-noticias"],"yoast_head":"<!-- This site is optimized with the Yoast SEO plugin v27.2 - https:\/\/yoast.com\/product\/yoast-seo-wordpress\/ -->\n<title>!! Gracias Barbara y Kjell por vuestro apoyo \u00a1\u00a1 - Real Club de Golf Guadalmina<\/title>\n<meta name=\"robots\" content=\"index, follow, max-snippet:-1, max-image-preview:large, max-video-preview:-1\" \/>\n<link rel=\"canonical\" href=\"https:\/\/www.guadalminagolf.com\/es\/sin-categorizar\/gracias-barbara-y-kjell-por-vuestro-apoyo\/\" \/>\n<meta property=\"og:locale\" content=\"es_ES\" \/>\n<meta property=\"og:type\" content=\"article\" \/>\n<meta property=\"og:title\" content=\"!! Gracias Barbara y Kjell por vuestro apoyo \u00a1\u00a1 - Real Club de Golf Guadalmina\" \/>\n<meta property=\"og:description\" content=\"Como su Junta Directiva, queremos expresar a Barbara De Witt Puyt y Kjell Blendulf nuestra m\u00e1s sincera gratitud por los cinco a\u00f1os de dedicaci\u00f3n y esfuerzo al frente de la Competici\u00f3n del Jueves Internacional en el Real Club de Golf Guadalmina. Su compromiso y pasi\u00f3n han sido fundamentales para hacer de esta competici\u00f3n uno de los eventos m\u00e1s populares y queridos de nuestro club. Nos complace profundamente ver a Barbara en proceso de recuperaci\u00f3n despu\u00e9s del ictus que sufri\u00f3 hace [...]\" \/>\n<meta property=\"og:url\" content=\"https:\/\/www.guadalminagolf.com\/es\/sin-categorizar\/gracias-barbara-y-kjell-por-vuestro-apoyo\/\" \/>\n<meta property=\"og:site_name\" content=\"Real Club de Golf Guadalmina\" \/>\n<meta property=\"article:publisher\" content=\"https:\/\/www.facebook.com\/groups\/Amigos.de.Guadalmina\" \/>\n<meta property=\"article:published_time\" content=\"2024-06-28T17:14:21+00:00\" \/>\n<meta property=\"article:modified_time\" content=\"2024-06-28T17:15:11+00:00\" \/>\n<meta property=\"og:image\" content=\"https:\/\/www.guadalminagolf.com\/wp-content\/uploads\/2023\/08\/logo-sin-fechas-2-12.jpg\" \/>\n\t<meta property=\"og:image:width\" content=\"1526\" \/>\n\t<meta property=\"og:image:height\" content=\"1809\" \/>\n\t<meta property=\"og:image:type\" content=\"image\/jpeg\" \/>\n<meta name=\"author\" content=\"Ignacio Del Cuvillo Cano\" \/>\n<meta name=\"twitter:card\" content=\"summary_large_image\" \/>\n<meta name=\"twitter:label1\" content=\"Escrito por\" \/>\n\t<meta name=\"twitter:data1\" content=\"Ignacio Del Cuvillo Cano\" \/>\n\t<meta name=\"twitter:label2\" content=\"Tiempo de lectura\" \/>\n\t<meta name=\"twitter:data2\" content=\"1 minuto\" \/>\n<script type=\"application\/ld+json\" class=\"yoast-schema-graph\">{\"@context\":\"https:\/\/schema.org\",\"@graph\":[{\"@type\":\"Article\",\"@id\":\"https:\/\/www.guadalminagolf.com\/es\/sin-categorizar\/gracias-barbara-y-kjell-por-vuestro-apoyo\/#article\",\"isPartOf\":{\"@id\":\"https:\/\/www.guadalminagolf.com\/es\/sin-categorizar\/gracias-barbara-y-kjell-por-vuestro-apoyo\/\"},\"author\":{\"name\":\"Ignacio Del Cuvillo Cano\",\"@id\":\"https:\/\/www.guadalminagolf.com\/#\/schema\/person\/65b5424160febee47136449fdfba13d2\"},\"headline\":\"!! Gracias Barbara y Kjell por vuestro apoyo \u00a1\u00a1\",\"datePublished\":\"2024-06-28T17:14:21+00:00\",\"dateModified\":\"2024-06-28T17:15:11+00:00\",\"mainEntityOfPage\":{\"@id\":\"https:\/\/www.guadalminagolf.com\/es\/sin-categorizar\/gracias-barbara-y-kjell-por-vuestro-apoyo\/\"},\"wordCount\":244,\"publisher\":{\"@id\":\"https:\/\/www.guadalminagolf.com\/#organization\"},\"articleSection\":[\"Sin categorizar\",\"\u00daltimas Noticias\"],\"inLanguage\":\"es\"},{\"@type\":\"WebPage\",\"@id\":\"https:\/\/www.guadalminagolf.com\/es\/sin-categorizar\/gracias-barbara-y-kjell-por-vuestro-apoyo\/\",\"url\":\"https:\/\/www.guadalminagolf.com\/es\/sin-categorizar\/gracias-barbara-y-kjell-por-vuestro-apoyo\/\",\"name\":\"!! Gracias Barbara y Kjell por vuestro apoyo \u00a1\u00a1 - Real Club de Golf Guadalmina\",\"isPartOf\":{\"@id\":\"https:\/\/www.guadalminagolf.com\/#website\"},\"datePublished\":\"2024-06-28T17:14:21+00:00\",\"dateModified\":\"2024-06-28T17:15:11+00:00\",\"breadcrumb\":{\"@id\":\"https:\/\/www.guadalminagolf.com\/es\/sin-categorizar\/gracias-barbara-y-kjell-por-vuestro-apoyo\/#breadcrumb\"},\"inLanguage\":\"es\",\"potentialAction\":[{\"@type\":\"ReadAction\",\"target\":[\"https:\/\/www.guadalminagolf.com\/es\/sin-categorizar\/gracias-barbara-y-kjell-por-vuestro-apoyo\/\"]}]},{\"@type\":\"BreadcrumbList\",\"@id\":\"https:\/\/www.guadalminagolf.com\/es\/sin-categorizar\/gracias-barbara-y-kjell-por-vuestro-apoyo\/#breadcrumb\",\"itemListElement\":[{\"@type\":\"ListItem\",\"position\":1,\"name\":\"Home\",\"item\":\"https:\/\/www.guadalminagolf.com\/es\/\"},{\"@type\":\"ListItem\",\"position\":2,\"name\":\"!! Gracias Barbara y Kjell por vuestro apoyo \u00a1\u00a1\"}]},{\"@type\":\"WebSite\",\"@id\":\"https:\/\/www.guadalminagolf.com\/#website\",\"url\":\"https:\/\/www.guadalminagolf.com\/\",\"name\":\"Real Club de Golf Guadalmina\",\"description\":\"\",\"publisher\":{\"@id\":\"https:\/\/www.guadalminagolf.com\/#organization\"},\"alternateName\":\"RCG Guadalmina\",\"potentialAction\":[{\"@type\":\"SearchAction\",\"target\":{\"@type\":\"EntryPoint\",\"urlTemplate\":\"https:\/\/www.guadalminagolf.com\/?s={search_term_string}\"},\"query-input\":{\"@type\":\"PropertyValueSpecification\",\"valueRequired\":true,\"valueName\":\"search_term_string\"}}],\"inLanguage\":\"es\"},{\"@type\":\"Organization\",\"@id\":\"https:\/\/www.guadalminagolf.com\/#organization\",\"name\":\"Real Club de Golf Guadalmina\",\"alternateName\":\"Real Club de Golf Guadalmina\",\"url\":\"https:\/\/www.guadalminagolf.com\/\",\"logo\":{\"@type\":\"ImageObject\",\"inLanguage\":\"es\",\"@id\":\"https:\/\/www.guadalminagolf.com\/#\/schema\/logo\/image\/\",\"url\":\"https:\/\/www.guadalminagolf.com\/wp-content\/uploads\/2023\/08\/logo-sin-fechas-2-14.jpg\",\"contentUrl\":\"https:\/\/www.guadalminagolf.com\/wp-content\/uploads\/2023\/08\/logo-sin-fechas-2-14.jpg\",\"width\":1526,\"height\":1809,\"caption\":\"Real Club de Golf Guadalmina\"},\"image\":{\"@id\":\"https:\/\/www.guadalminagolf.com\/#\/schema\/logo\/image\/\"},\"sameAs\":[\"https:\/\/www.facebook.com\/groups\/Amigos.de.Guadalmina\"]},{\"@type\":\"Person\",\"@id\":\"https:\/\/www.guadalminagolf.com\/#\/schema\/person\/65b5424160febee47136449fdfba13d2\",\"name\":\"Ignacio Del Cuvillo Cano\"}]}<\/script>\n<!-- \/ Yoast SEO plugin. -->","yoast_head_json":{"title":"!! Gracias Barbara y Kjell por vuestro apoyo \u00a1\u00a1 - Real Club de Golf Guadalmina","robots":{"index":"index","follow":"follow","max-snippet":"max-snippet:-1","max-image-preview":"max-image-preview:large","max-video-preview":"max-video-preview:-1"},"canonical":"https:\/\/www.guadalminagolf.com\/es\/sin-categorizar\/gracias-barbara-y-kjell-por-vuestro-apoyo\/","og_locale":"es_ES","og_type":"article","og_title":"!! Gracias Barbara y Kjell por vuestro apoyo \u00a1\u00a1 - Real Club de Golf Guadalmina","og_description":"Como su Junta Directiva, queremos expresar a Barbara De Witt Puyt y Kjell Blendulf nuestra m\u00e1s sincera gratitud por los cinco a\u00f1os de dedicaci\u00f3n y esfuerzo al frente de la Competici\u00f3n del Jueves Internacional en el Real Club de Golf Guadalmina. Su compromiso y pasi\u00f3n han sido fundamentales para hacer de esta competici\u00f3n uno de los eventos m\u00e1s populares y queridos de nuestro club. Nos complace profundamente ver a Barbara en proceso de recuperaci\u00f3n despu\u00e9s del ictus que sufri\u00f3 hace [...]","og_url":"https:\/\/www.guadalminagolf.com\/es\/sin-categorizar\/gracias-barbara-y-kjell-por-vuestro-apoyo\/","og_site_name":"Real Club de Golf Guadalmina","article_publisher":"https:\/\/www.facebook.com\/groups\/Amigos.de.Guadalmina","article_published_time":"2024-06-28T17:14:21+00:00","article_modified_time":"2024-06-28T17:15:11+00:00","og_image":[{"width":1526,"height":1809,"url":"https:\/\/www.guadalminagolf.com\/wp-content\/uploads\/2023\/08\/logo-sin-fechas-2-12.jpg","type":"image\/jpeg"}],"author":"Ignacio Del Cuvillo Cano","twitter_card":"summary_large_image","twitter_misc":{"Escrito por":"Ignacio Del Cuvillo Cano","Tiempo de lectura":"1 minuto"},"schema":{"@context":"https:\/\/schema.org","@graph":[{"@type":"Article","@id":"https:\/\/www.guadalminagolf.com\/es\/sin-categorizar\/gracias-barbara-y-kjell-por-vuestro-apoyo\/#article","isPartOf":{"@id":"https:\/\/www.guadalminagolf.com\/es\/sin-categorizar\/gracias-barbara-y-kjell-por-vuestro-apoyo\/"},"author":{"name":"Ignacio Del Cuvillo Cano","@id":"https:\/\/www.guadalminagolf.com\/#\/schema\/person\/65b5424160febee47136449fdfba13d2"},"headline":"!! Gracias Barbara y Kjell por vuestro apoyo \u00a1\u00a1","datePublished":"2024-06-28T17:14:21+00:00","dateModified":"2024-06-28T17:15:11+00:00","mainEntityOfPage":{"@id":"https:\/\/www.guadalminagolf.com\/es\/sin-categorizar\/gracias-barbara-y-kjell-por-vuestro-apoyo\/"},"wordCount":244,"publisher":{"@id":"https:\/\/www.guadalminagolf.com\/#organization"},"articleSection":["Sin categorizar","\u00daltimas Noticias"],"inLanguage":"es"},{"@type":"WebPage","@id":"https:\/\/www.guadalminagolf.com\/es\/sin-categorizar\/gracias-barbara-y-kjell-por-vuestro-apoyo\/","url":"https:\/\/www.guadalminagolf.com\/es\/sin-categorizar\/gracias-barbara-y-kjell-por-vuestro-apoyo\/","name":"!! Gracias Barbara y Kjell por vuestro apoyo \u00a1\u00a1 - Real Club de Golf Guadalmina","isPartOf":{"@id":"https:\/\/www.guadalminagolf.com\/#website"},"datePublished":"2024-06-28T17:14:21+00:00","dateModified":"2024-06-28T17:15:11+00:00","breadcrumb":{"@id":"https:\/\/www.guadalminagolf.com\/es\/sin-categorizar\/gracias-barbara-y-kjell-por-vuestro-apoyo\/#breadcrumb"},"inLanguage":"es","potentialAction":[{"@type":"ReadAction","target":["https:\/\/www.guadalminagolf.com\/es\/sin-categorizar\/gracias-barbara-y-kjell-por-vuestro-apoyo\/"]}]},{"@type":"BreadcrumbList","@id":"https:\/\/www.guadalminagolf.com\/es\/sin-categorizar\/gracias-barbara-y-kjell-por-vuestro-apoyo\/#breadcrumb","itemListElement":[{"@type":"ListItem","position":1,"name":"Home","item":"https:\/\/www.guadalminagolf.com\/es\/"},{"@type":"ListItem","position":2,"name":"!! Gracias Barbara y Kjell por vuestro apoyo \u00a1\u00a1"}]},{"@type":"WebSite","@id":"https:\/\/www.guadalminagolf.com\/#website","url":"https:\/\/www.guadalminagolf.com\/","name":"Real Club de Golf Guadalmina","description":"","publisher":{"@id":"https:\/\/www.guadalminagolf.com\/#organization"},"alternateName":"RCG Guadalmina","potentialAction":[{"@type":"SearchAction","target":{"@type":"EntryPoint","urlTemplate":"https:\/\/www.guadalminagolf.com\/?s={search_term_string}"},"query-input":{"@type":"PropertyValueSpecification","valueRequired":true,"valueName":"search_term_string"}}],"inLanguage":"es"},{"@type":"Organization","@id":"https:\/\/www.guadalminagolf.com\/#organization","name":"Real Club de Golf Guadalmina","alternateName":"Real Club de Golf Guadalmina","url":"https:\/\/www.guadalminagolf.com\/","logo":{"@type":"ImageObject","inLanguage":"es","@id":"https:\/\/www.guadalminagolf.com\/#\/schema\/logo\/image\/","url":"https:\/\/www.guadalminagolf.com\/wp-content\/uploads\/2023\/08\/logo-sin-fechas-2-14.jpg","contentUrl":"https:\/\/www.guadalminagolf.com\/wp-content\/uploads\/2023\/08\/logo-sin-fechas-2-14.jpg","width":1526,"height":1809,"caption":"Real Club de Golf Guadalmina"},"image":{"@id":"https:\/\/www.guadalminagolf.com\/#\/schema\/logo\/image\/"},"sameAs":["https:\/\/www.facebook.com\/groups\/Amigos.de.Guadalmina"]},{"@type":"Person","@id":"https:\/\/www.guadalminagolf.com\/#\/schema\/person\/65b5424160febee47136449fdfba13d2","name":"Ignacio Del Cuvillo Cano"}]}},"_links":{"self":[{"href":"https:\/\/www.guadalminagolf.com\/es\/wp-json\/wp\/v2\/posts\/29425","targetHints":{"allow":["GET"]}}],"collection":[{"href":"https:\/\/www.guadalminagolf.com\/es\/wp-json\/wp\/v2\/posts"}],"about":[{"href":"https:\/\/www.guadalminagolf.com\/es\/wp-json\/wp\/v2\/types\/post"}],"author":[{"embeddable":true,"href":"https:\/\/www.guadalminagolf.com\/es\/wp-json\/wp\/v2\/users\/2069"}],"replies":[{"embeddable":true,"href":"https:\/\/www.guadalminagolf.com\/es\/wp-json\/wp\/v2\/comments?post=29425"}],"version-history":[{"count":2,"href":"https:\/\/www.guadalminagolf.com\/es\/wp-json\/wp\/v2\/posts\/29425\/revisions"}],"predecessor-version":[{"id":29431,"href":"https:\/\/www.guadalminagolf.com\/es\/wp-json\/wp\/v2\/posts\/29425\/revisions\/29431"}],"wp:attachment":[{"href":"https:\/\/www.guadalminagolf.com\/es\/wp-json\/wp\/v2\/media?parent=29425"}],"wp:term":[{"taxonomy":"category","embeddable":true,"href":"https:\/\/www.guadalminagolf.com\/es\/wp-json\/wp\/v2\/categories?post=29425"},{"taxonomy":"post_tag","embeddable":true,"href":"https:\/\/www.guadalminagolf.com\/es\/wp-json\/wp\/v2\/tags?post=29425"}],"curies":[{"name":"wp","href":"https:\/\/api.w.org\/{rel}","templated":true}]}}