

{"id":28400,"date":"2024-04-17T08:37:01","date_gmt":"2024-04-17T08:37:01","guid":{"rendered":"https:\/\/www.guadalminagolf.com\/?p=28400"},"modified":"2024-04-17T08:37:01","modified_gmt":"2024-04-17T08:37:01","slug":"abierta-la-reserva-de-mesas-para-la-cena-de-primavera-2","status":"publish","type":"post","link":"https:\/\/www.guadalminagolf.com\/es\/ultimas-noticias\/abierta-la-reserva-de-mesas-para-la-cena-de-primavera-2\/","title":{"rendered":"ABIERTA LA RESERVA DE MESAS PARA LA CENA DE PRIMAVERA"},"content":{"rendered":"\t<div class=\"box has-hover   has-hover box-text-bottom\" >\n\n\t\t<div class=\"box-image\" >\n\t\t\t\t\t\t<div class=\"\" >\n\t\t\t\t<img loading=\"lazy\" decoding=\"async\" width=\"644\" height=\"486\" src=\"https:\/\/www.guadalminagolf.com\/wp-content\/uploads\/2024\/04\/CARTEL-MESA-FIESTA-.jpg\" class=\"attachment- size-\" alt=\"\" srcset=\"https:\/\/www.guadalminagolf.com\/wp-content\/uploads\/2024\/04\/CARTEL-MESA-FIESTA-.jpg 644w, https:\/\/www.guadalminagolf.com\/wp-content\/uploads\/2024\/04\/CARTEL-MESA-FIESTA--530x400.jpg 530w\" sizes=\"auto, (max-width: 644px) 100vw, 644px\" \/>\t\t\t\t\t\t\t\t\t\t\t<\/div>\n\t\t\t\t\t<\/div>\n\n\t\t<div class=\"box-text text-center\" >\n\t\t\t<div class=\"box-text-inner\">\n\t\t\t\t\n<h4>Ya puede reservar mesa para el 25 de Mayo<\/h4>\n<h4><span style=\"color: #555555;\">La distribuci\u00f3n de mesas est\u00e1 en el pasillo de la planta baja <\/span><\/h4>\n<h4><span style=\"color: #555555;\"><strong>Por favor escriba CON LETRAS MAYUSCULAS <\/strong>, y evite las tachaduras.<\/span><\/h4>\n<p><strong>C\u00d3MO APUNTARNOS <\/strong><\/p>\n<p><strong>Para confirmar tu asistencia, por favor inscr\u00edbete antes del 15 de mayo.<\/strong><\/p>\n<p>Puedes apuntarte en la lista de inscripci\u00f3n, del cuadro de mesas, <strong>situado en el pasillo de la planta inferior, en el tablero del Comit\u00e9 Social, <\/strong>\u00a0o enviando un correo electr\u00f3nico a <a href=\"mailto:comunicacion@guadalminagolf.com\">comunicacion@guadalminagolf.com<\/a><\/p>\n<p>Recuerda, en el caso que de apuntarte en el tabl\u00f3n, agradecer\u00edamos que enviaras, de igual forma, el correo, <strong>ya que las plazas son limitadas, y utilizaremos un criterio cronol\u00f3gico de peticiones, <\/strong><\/p>\n<p>Si decides la opci\u00f3n (A) del Fillet Mignon , por favor a\u00f1ade un signo + \u00f3 &#8211; para seleccionar el punto, en caso contrario ser\u00e1 servido al punto.<\/p>\n<p>As\u00ed que no pierdas la oportunidad de ser parte de esta noche m\u00e1gica.<\/p>\n<p>Esperamos contar con tu presencia para compartir esta experiencia inolvidable.<\/p>\n<p>\u00a1Ser\u00e1 una noche para recordar!<\/p>\n<p>Cordialmente,<\/p>\n<p>Real Club de Golf Guadalmina<\/p>\n<p>El comit\u00e9 Social.<\/p>\n\t\t\t<\/div>\n\t\t<\/div>\n\t<\/div>\n\t\n","protected":false},"excerpt":{"rendered":"","protected":false},"author":1,"featured_media":0,"comment_status":"closed","ping_status":"closed","sticky":false,"template":"","format":"standard","meta":{"footnotes":""},"categories":[91],"tags":[],"class_list":["post-28400","post","type-post","status-publish","format-standard","hentry","category-ultimas-noticias"],"yoast_head":"<!-- This site is optimized with the Yoast SEO plugin v27.2 - https:\/\/yoast.com\/product\/yoast-seo-wordpress\/ -->\n<title>ABIERTA LA RESERVA DE MESAS PARA LA CENA DE PRIMAVERA - Real Club de Golf Guadalmina<\/title>\n<meta name=\"robots\" content=\"index, follow, max-snippet:-1, max-image-preview:large, max-video-preview:-1\" \/>\n<link rel=\"canonical\" href=\"https:\/\/www.guadalminagolf.com\/es\/ultimas-noticias\/abierta-la-reserva-de-mesas-para-la-cena-de-primavera-2\/\" \/>\n<meta property=\"og:locale\" content=\"es_ES\" \/>\n<meta property=\"og:type\" content=\"article\" \/>\n<meta property=\"og:title\" content=\"ABIERTA LA RESERVA DE MESAS PARA LA CENA DE PRIMAVERA - Real Club de Golf Guadalmina\" \/>\n<meta property=\"og:url\" content=\"https:\/\/www.guadalminagolf.com\/es\/ultimas-noticias\/abierta-la-reserva-de-mesas-para-la-cena-de-primavera-2\/\" \/>\n<meta property=\"og:site_name\" content=\"Real Club de Golf Guadalmina\" \/>\n<meta property=\"article:publisher\" content=\"https:\/\/www.facebook.com\/groups\/Amigos.de.Guadalmina\" \/>\n<meta property=\"article:published_time\" content=\"2024-04-17T08:37:01+00:00\" \/>\n<meta property=\"og:image\" content=\"https:\/\/www.guadalminagolf.com\/wp-content\/uploads\/2023\/08\/logo-sin-fechas-2-12.jpg\" \/>\n\t<meta property=\"og:image:width\" content=\"1526\" \/>\n\t<meta property=\"og:image:height\" content=\"1809\" \/>\n\t<meta property=\"og:image:type\" content=\"image\/jpeg\" \/>\n<meta name=\"author\" content=\"GuADalMnA\" \/>\n<meta name=\"twitter:card\" content=\"summary_large_image\" \/>\n<meta name=\"twitter:label1\" content=\"Escrito por\" \/>\n\t<meta name=\"twitter:data1\" content=\"GuADalMnA\" \/>\n\t<meta name=\"twitter:label2\" content=\"Tiempo de lectura\" \/>\n\t<meta name=\"twitter:data2\" content=\"1 minuto\" \/>\n<script type=\"application\/ld+json\" class=\"yoast-schema-graph\">{\"@context\":\"https:\/\/schema.org\",\"@graph\":[{\"@type\":\"Article\",\"@id\":\"https:\/\/www.guadalminagolf.com\/es\/ultimas-noticias\/abierta-la-reserva-de-mesas-para-la-cena-de-primavera-2\/#article\",\"isPartOf\":{\"@id\":\"https:\/\/www.guadalminagolf.com\/es\/ultimas-noticias\/abierta-la-reserva-de-mesas-para-la-cena-de-primavera-2\/\"},\"author\":{\"name\":\"GuADalMnA\",\"@id\":\"https:\/\/www.guadalminagolf.com\/#\/schema\/person\/9a4e4fa1970b0c1b47cd752646e59419\"},\"headline\":\"ABIERTA LA RESERVA DE MESAS PARA LA CENA DE PRIMAVERA\",\"datePublished\":\"2024-04-17T08:37:01+00:00\",\"mainEntityOfPage\":{\"@id\":\"https:\/\/www.guadalminagolf.com\/es\/ultimas-noticias\/abierta-la-reserva-de-mesas-para-la-cena-de-primavera-2\/\"},\"wordCount\":198,\"publisher\":{\"@id\":\"https:\/\/www.guadalminagolf.com\/#organization\"},\"articleSection\":[\"\u00daltimas Noticias\"],\"inLanguage\":\"es\"},{\"@type\":\"WebPage\",\"@id\":\"https:\/\/www.guadalminagolf.com\/es\/ultimas-noticias\/abierta-la-reserva-de-mesas-para-la-cena-de-primavera-2\/\",\"url\":\"https:\/\/www.guadalminagolf.com\/es\/ultimas-noticias\/abierta-la-reserva-de-mesas-para-la-cena-de-primavera-2\/\",\"name\":\"ABIERTA LA RESERVA DE MESAS PARA LA CENA DE PRIMAVERA - Real Club de Golf Guadalmina\",\"isPartOf\":{\"@id\":\"https:\/\/www.guadalminagolf.com\/#website\"},\"datePublished\":\"2024-04-17T08:37:01+00:00\",\"breadcrumb\":{\"@id\":\"https:\/\/www.guadalminagolf.com\/es\/ultimas-noticias\/abierta-la-reserva-de-mesas-para-la-cena-de-primavera-2\/#breadcrumb\"},\"inLanguage\":\"es\",\"potentialAction\":[{\"@type\":\"ReadAction\",\"target\":[\"https:\/\/www.guadalminagolf.com\/es\/ultimas-noticias\/abierta-la-reserva-de-mesas-para-la-cena-de-primavera-2\/\"]}]},{\"@type\":\"BreadcrumbList\",\"@id\":\"https:\/\/www.guadalminagolf.com\/es\/ultimas-noticias\/abierta-la-reserva-de-mesas-para-la-cena-de-primavera-2\/#breadcrumb\",\"itemListElement\":[{\"@type\":\"ListItem\",\"position\":1,\"name\":\"Home\",\"item\":\"https:\/\/www.guadalminagolf.com\/es\/\"},{\"@type\":\"ListItem\",\"position\":2,\"name\":\"ABIERTA LA RESERVA DE MESAS PARA LA CENA DE PRIMAVERA\"}]},{\"@type\":\"WebSite\",\"@id\":\"https:\/\/www.guadalminagolf.com\/#website\",\"url\":\"https:\/\/www.guadalminagolf.com\/\",\"name\":\"Real Club de Golf Guadalmina\",\"description\":\"\",\"publisher\":{\"@id\":\"https:\/\/www.guadalminagolf.com\/#organization\"},\"alternateName\":\"RCG Guadalmina\",\"potentialAction\":[{\"@type\":\"SearchAction\",\"target\":{\"@type\":\"EntryPoint\",\"urlTemplate\":\"https:\/\/www.guadalminagolf.com\/?s={search_term_string}\"},\"query-input\":{\"@type\":\"PropertyValueSpecification\",\"valueRequired\":true,\"valueName\":\"search_term_string\"}}],\"inLanguage\":\"es\"},{\"@type\":\"Organization\",\"@id\":\"https:\/\/www.guadalminagolf.com\/#organization\",\"name\":\"Real Club de Golf Guadalmina\",\"alternateName\":\"Real Club de Golf Guadalmina\",\"url\":\"https:\/\/www.guadalminagolf.com\/\",\"logo\":{\"@type\":\"ImageObject\",\"inLanguage\":\"es\",\"@id\":\"https:\/\/www.guadalminagolf.com\/#\/schema\/logo\/image\/\",\"url\":\"https:\/\/www.guadalminagolf.com\/wp-content\/uploads\/2023\/08\/logo-sin-fechas-2-14.jpg\",\"contentUrl\":\"https:\/\/www.guadalminagolf.com\/wp-content\/uploads\/2023\/08\/logo-sin-fechas-2-14.jpg\",\"width\":1526,\"height\":1809,\"caption\":\"Real Club de Golf Guadalmina\"},\"image\":{\"@id\":\"https:\/\/www.guadalminagolf.com\/#\/schema\/logo\/image\/\"},\"sameAs\":[\"https:\/\/www.facebook.com\/groups\/Amigos.de.Guadalmina\"]},{\"@type\":\"Person\",\"@id\":\"https:\/\/www.guadalminagolf.com\/#\/schema\/person\/9a4e4fa1970b0c1b47cd752646e59419\",\"name\":\"GuADalMnA\",\"sameAs\":[\"http:\/\/guadalmina.golfenred.com\"]}]}<\/script>\n<!-- \/ Yoast SEO plugin. -->","yoast_head_json":{"title":"ABIERTA LA RESERVA DE MESAS PARA LA CENA DE PRIMAVERA - Real Club de Golf Guadalmina","robots":{"index":"index","follow":"follow","max-snippet":"max-snippet:-1","max-image-preview":"max-image-preview:large","max-video-preview":"max-video-preview:-1"},"canonical":"https:\/\/www.guadalminagolf.com\/es\/ultimas-noticias\/abierta-la-reserva-de-mesas-para-la-cena-de-primavera-2\/","og_locale":"es_ES","og_type":"article","og_title":"ABIERTA LA RESERVA DE MESAS PARA LA CENA DE PRIMAVERA - Real Club de Golf Guadalmina","og_url":"https:\/\/www.guadalminagolf.com\/es\/ultimas-noticias\/abierta-la-reserva-de-mesas-para-la-cena-de-primavera-2\/","og_site_name":"Real Club de Golf Guadalmina","article_publisher":"https:\/\/www.facebook.com\/groups\/Amigos.de.Guadalmina","article_published_time":"2024-04-17T08:37:01+00:00","og_image":[{"width":1526,"height":1809,"url":"https:\/\/www.guadalminagolf.com\/wp-content\/uploads\/2023\/08\/logo-sin-fechas-2-12.jpg","type":"image\/jpeg"}],"author":"GuADalMnA","twitter_card":"summary_large_image","twitter_misc":{"Escrito por":"GuADalMnA","Tiempo de lectura":"1 minuto"},"schema":{"@context":"https:\/\/schema.org","@graph":[{"@type":"Article","@id":"https:\/\/www.guadalminagolf.com\/es\/ultimas-noticias\/abierta-la-reserva-de-mesas-para-la-cena-de-primavera-2\/#article","isPartOf":{"@id":"https:\/\/www.guadalminagolf.com\/es\/ultimas-noticias\/abierta-la-reserva-de-mesas-para-la-cena-de-primavera-2\/"},"author":{"name":"GuADalMnA","@id":"https:\/\/www.guadalminagolf.com\/#\/schema\/person\/9a4e4fa1970b0c1b47cd752646e59419"},"headline":"ABIERTA LA RESERVA DE MESAS PARA LA CENA DE PRIMAVERA","datePublished":"2024-04-17T08:37:01+00:00","mainEntityOfPage":{"@id":"https:\/\/www.guadalminagolf.com\/es\/ultimas-noticias\/abierta-la-reserva-de-mesas-para-la-cena-de-primavera-2\/"},"wordCount":198,"publisher":{"@id":"https:\/\/www.guadalminagolf.com\/#organization"},"articleSection":["\u00daltimas Noticias"],"inLanguage":"es"},{"@type":"WebPage","@id":"https:\/\/www.guadalminagolf.com\/es\/ultimas-noticias\/abierta-la-reserva-de-mesas-para-la-cena-de-primavera-2\/","url":"https:\/\/www.guadalminagolf.com\/es\/ultimas-noticias\/abierta-la-reserva-de-mesas-para-la-cena-de-primavera-2\/","name":"ABIERTA LA RESERVA DE MESAS PARA LA CENA DE PRIMAVERA - Real Club de Golf Guadalmina","isPartOf":{"@id":"https:\/\/www.guadalminagolf.com\/#website"},"datePublished":"2024-04-17T08:37:01+00:00","breadcrumb":{"@id":"https:\/\/www.guadalminagolf.com\/es\/ultimas-noticias\/abierta-la-reserva-de-mesas-para-la-cena-de-primavera-2\/#breadcrumb"},"inLanguage":"es","potentialAction":[{"@type":"ReadAction","target":["https:\/\/www.guadalminagolf.com\/es\/ultimas-noticias\/abierta-la-reserva-de-mesas-para-la-cena-de-primavera-2\/"]}]},{"@type":"BreadcrumbList","@id":"https:\/\/www.guadalminagolf.com\/es\/ultimas-noticias\/abierta-la-reserva-de-mesas-para-la-cena-de-primavera-2\/#breadcrumb","itemListElement":[{"@type":"ListItem","position":1,"name":"Home","item":"https:\/\/www.guadalminagolf.com\/es\/"},{"@type":"ListItem","position":2,"name":"ABIERTA LA RESERVA DE MESAS PARA LA CENA DE PRIMAVERA"}]},{"@type":"WebSite","@id":"https:\/\/www.guadalminagolf.com\/#website","url":"https:\/\/www.guadalminagolf.com\/","name":"Real Club de Golf Guadalmina","description":"","publisher":{"@id":"https:\/\/www.guadalminagolf.com\/#organization"},"alternateName":"RCG Guadalmina","potentialAction":[{"@type":"SearchAction","target":{"@type":"EntryPoint","urlTemplate":"https:\/\/www.guadalminagolf.com\/?s={search_term_string}"},"query-input":{"@type":"PropertyValueSpecification","valueRequired":true,"valueName":"search_term_string"}}],"inLanguage":"es"},{"@type":"Organization","@id":"https:\/\/www.guadalminagolf.com\/#organization","name":"Real Club de Golf Guadalmina","alternateName":"Real Club de Golf Guadalmina","url":"https:\/\/www.guadalminagolf.com\/","logo":{"@type":"ImageObject","inLanguage":"es","@id":"https:\/\/www.guadalminagolf.com\/#\/schema\/logo\/image\/","url":"https:\/\/www.guadalminagolf.com\/wp-content\/uploads\/2023\/08\/logo-sin-fechas-2-14.jpg","contentUrl":"https:\/\/www.guadalminagolf.com\/wp-content\/uploads\/2023\/08\/logo-sin-fechas-2-14.jpg","width":1526,"height":1809,"caption":"Real Club de Golf Guadalmina"},"image":{"@id":"https:\/\/www.guadalminagolf.com\/#\/schema\/logo\/image\/"},"sameAs":["https:\/\/www.facebook.com\/groups\/Amigos.de.Guadalmina"]},{"@type":"Person","@id":"https:\/\/www.guadalminagolf.com\/#\/schema\/person\/9a4e4fa1970b0c1b47cd752646e59419","name":"GuADalMnA","sameAs":["http:\/\/guadalmina.golfenred.com"]}]}},"_links":{"self":[{"href":"https:\/\/www.guadalminagolf.com\/es\/wp-json\/wp\/v2\/posts\/28400","targetHints":{"allow":["GET"]}}],"collection":[{"href":"https:\/\/www.guadalminagolf.com\/es\/wp-json\/wp\/v2\/posts"}],"about":[{"href":"https:\/\/www.guadalminagolf.com\/es\/wp-json\/wp\/v2\/types\/post"}],"author":[{"embeddable":true,"href":"https:\/\/www.guadalminagolf.com\/es\/wp-json\/wp\/v2\/users\/1"}],"replies":[{"embeddable":true,"href":"https:\/\/www.guadalminagolf.com\/es\/wp-json\/wp\/v2\/comments?post=28400"}],"version-history":[{"count":1,"href":"https:\/\/www.guadalminagolf.com\/es\/wp-json\/wp\/v2\/posts\/28400\/revisions"}],"predecessor-version":[{"id":28401,"href":"https:\/\/www.guadalminagolf.com\/es\/wp-json\/wp\/v2\/posts\/28400\/revisions\/28401"}],"wp:attachment":[{"href":"https:\/\/www.guadalminagolf.com\/es\/wp-json\/wp\/v2\/media?parent=28400"}],"wp:term":[{"taxonomy":"category","embeddable":true,"href":"https:\/\/www.guadalminagolf.com\/es\/wp-json\/wp\/v2\/categories?post=28400"},{"taxonomy":"post_tag","embeddable":true,"href":"https:\/\/www.guadalminagolf.com\/es\/wp-json\/wp\/v2\/tags?post=28400"}],"curies":[{"name":"wp","href":"https:\/\/api.w.org\/{rel}","templated":true}]}}